{"id":9627,"date":"2020-07-01T15:14:05","date_gmt":"2020-07-01T13:14:05","guid":{"rendered":"http:\/\/localhost\/projects\/iostoacasa\/?p=9627"},"modified":"2021-04-11T12:07:14","modified_gmt":"2021-04-11T10:07:14","slug":"psoriasi-un-grande-fastidio-dai-mille-volti","status":"publish","type":"post","link":"https:\/\/www.texia.eu\/en\/psoriasi-un-grande-fastidio-dai-mille-volti\/","title":{"rendered":"PSORIASI un grande fastidio dai mille volti\u2026"},"content":{"rendered":"<p>E\u2019 un disturbo della pelle piuttosto comune caratterizzato da <strong>infiammazione cronica<\/strong>, di variabile gravit\u00e0, che si manifesta con lesioni arrossate, rotondeggianti, ricoperte da squame argentee, talora anche di notevole spessore. Possono essere accompagnate, in soggetti sensibili e aree delicate, da prurito.<\/p>\n<p>Le manifestazioni, se trascurate o curate male, possono aumentare in estensione e gravit\u00e0 nel tempo e arrecare notevole disagio. Non \u00e8 infrequente la regressione spontanea delle lesioni.<\/p>\n<p>Alla base della patologia, la barriera epidermica compromessa, e moltissimi fattori scatenanti climatici, emotivi, immunologici, neurovascolari, infettivi, metabolici e da tossicit\u00e0 (fumo, farmaci). La difettosa, eccessiva reattivit\u00e0 epidermica \u00e8 spesso condizionata da fattori genetici e favorita da particolari situazioni emotive e sfavorevoli condizioni ambientali (forte secchezza; presenza di allergeni e irritanti).<\/p>\n<p>La <strong>Psoriasi<\/strong> \u00e8 comunque una delle patologie cutanee pi\u00f9 comuni. Recenti studi mettono in evidenza un continuo aumento della prevalenza nei paesi sviluppati e in quelli con pi\u00f9 rapida industrializzazione; forse a causa delle mutate abitudini igieniche, alimentari e degli stressanti ritmi di vita.<\/p>\n<p>Pu\u00f2 insorgere a qualunque et\u00e0, anche nei primi mesi di vita o manifestarsi in et\u00e0 adulta e avere aspetti e gravit\u00e0 molto variabili. In certi casi pu\u00f2 comportare conseguenze importanti sulla percezione della propria immagine, su qualit\u00e0 e abitudini di vita (frequenza a spiagge, piscine).<\/p>\n<p>Pu\u00f2 influire negativamente sui rapporti interpersonali \u2026impegnativa per il paziente e per il <strong>Dermatologo<\/strong>.<\/p>\n<p>Si deve ricordare che la <strong>psoriasi<\/strong> pu\u00f2 avere mille volti e manifestarsi in modi anche molto diversi, <strong>a placche<\/strong> \u00e8 la forma pi\u00f9 comune con placche anche spesse. La guttata, comune nei bambini, spesso dovuta a tonsilliti streptococciche. La <strong>psoriasi<\/strong> inversa, macerata e infiammata, tipica delle pieghe. La forma pustolosa delle aree palmoplantari. La <strong>eritrodermica<\/strong>, grave ed estesa a tutto il corpo. La <strong>psoriasi artropatica<\/strong> con caratteristiche alterazioni delle articolazioni. Quella ungueale, con sfaldamento o ispessimento delle unghie. Quella del <strong>cuoio capelluto<\/strong>, fastidiosa per il disagio e la squamosit\u00e0 anche intensa.<\/p>\n<p>Fra le misure utili a limitare o prevenire questi fenomeni si propongono le seguenti raccomandazioni:<\/p>\n<ul>\n<li>Usare sempre detergenti ad elevata tollerabilit\u00e0, evitare saponi, bagnoschiuma, sali e profumi.<\/li>\n<li>Bagni o docce brevi e con acqua tiepida (35-36), senza spugne e senza strofinare.<\/li>\n<li>Asciugare senza strofinare con morbido panno in cotone. Usare indumenti in cotone.<\/li>\n<li>Lo shampoo deve essere scelto con cura tra quelli medicati: con antisettici, riducenti, cheratolitici e base lavante delicata.<\/li>\n<li>Le creme con steroidi devono essere sempre usate per brevi periodi e solo nelle forme molto infiammate.<\/li>\n<li>Fare largo uso di creme emollienti e protettive, specie nel periodo invernale. Insistere sulle zone piu secche.<\/li>\n<li>Sul viso, preferire creme nutrienti e ricche in lenitivi naturali.<\/li>\n<\/ul>\n<p>Questa patologia sembra corrispondere ai vostri sintomi: Consultate la scheda di <a href=\"\/en\/prodotti-dermatologici\/nutramax-400-crema-emolliente\/\">Nutramax<\/a><\/p>\n<p>Atri prodotti per affiancamento ai sintomi sono: <a href=\"https:\/\/www.texia.eu\/en\/prodotti-dermatologici\/flogex_crema_lenitiva\/\">Flogex<\/a> (per punti specifici) <a href=\"https:\/\/www.texia.eu\/en\/prodotti-dermatologici\/kerax50-crema-cheratolitica-per-forti-ispessimenti-125-ml\/\">Kerax<\/a> (Cheratosi) <a href=\"https:\/\/www.texia.eu\/en\/prodotti-dermatologici\/sporax-shampoo-antiforfora\/?add_to_wishlist=9554\">Sporax<\/a> (su cuoio capelluto)<\/p>\n<p><img loading=\"lazy\" class=\"alignnone size-medium wp-image-10935\" src=\"https:\/\/www.texia.eu\/wp-content\/uploads\/2020\/05\/nutramax-crema-idratante-300x300.jpg\" alt=\"Crema Super Idratante Nutramax\" width=\"300\" height=\"300\" srcset=\"https:\/\/www.texia.eu\/wp-content\/uploads\/2020\/05\/nutramax-crema-idratante-300x300.jpg 300w, https:\/\/www.texia.eu\/wp-content\/uploads\/2020\/05\/nutramax-crema-idratante-1024x1024.jpg 1024w, https:\/\/www.texia.eu\/wp-content\/uploads\/2020\/05\/nutramax-crema-idratante-150x150.jpg 150w, https:\/\/www.texia.eu\/wp-content\/uploads\/2020\/05\/nutramax-crema-idratante-768x768.jpg 768w, https:\/\/www.texia.eu\/wp-content\/uploads\/2020\/05\/nutramax-crema-idratante-12x12.jpg 12w, https:\/\/www.texia.eu\/wp-content\/uploads\/2020\/05\/nutramax-crema-idratante-866x866.jpg 866w, https:\/\/www.texia.eu\/wp-content\/uploads\/2020\/05\/nutramax-crema-idratante-418x418.jpg 418w, https:\/\/www.texia.eu\/wp-content\/uploads\/2020\/05\/nutramax-crema-idratante-130x130.jpg 130w, https:\/\/www.texia.eu\/wp-content\/uploads\/2020\/05\/nutramax-crema-idratante-700x700.jpg 700w, https:\/\/www.texia.eu\/wp-content\/uploads\/2020\/05\/nutramax-crema-idratante-100x100.jpg 100w, https:\/\/www.texia.eu\/wp-content\/uploads\/2020\/05\/nutramax-crema-idratante.jpg 1500w\" sizes=\"(max-width: 300px) 100vw, 300px\" \/><img loading=\"lazy\" class=\"alignnone size-medium wp-image-9774\" src=\"https:\/\/www.texia.eu\/wp-content\/uploads\/2020\/09\/kerax-crema-ispessimenti-epidermici-180x300.png\" alt=\"Kerax crema ispessimenti epidermici\" width=\"180\" height=\"300\" srcset=\"https:\/\/www.texia.eu\/wp-content\/uploads\/2020\/09\/kerax-crema-ispessimenti-epidermici-180x300.png 180w, https:\/\/www.texia.eu\/wp-content\/uploads\/2020\/09\/kerax-crema-ispessimenti-epidermici-700x1167.png 700w, https:\/\/www.texia.eu\/wp-content\/uploads\/2020\/09\/kerax-crema-ispessimenti-epidermici-614x1024.png 614w, https:\/\/www.texia.eu\/wp-content\/uploads\/2020\/09\/kerax-crema-ispessimenti-epidermici-768x1280.png 768w, https:\/\/www.texia.eu\/wp-content\/uploads\/2020\/09\/kerax-crema-ispessimenti-epidermici-922x1536.png 922w, https:\/\/www.texia.eu\/wp-content\/uploads\/2020\/09\/kerax-crema-ispessimenti-epidermici-1229x2048.png 1229w, https:\/\/www.texia.eu\/wp-content\/uploads\/2020\/09\/kerax-crema-ispessimenti-epidermici.png 1800w\" sizes=\"(max-width: 180px) 100vw, 180px\" \/><img loading=\"lazy\" class=\"alignnone size-medium wp-image-9492\" src=\"https:\/\/www.texia.eu\/wp-content\/uploads\/2020\/05\/sporax-shampoo-antiforfora-300x300.jpg\" alt=\"Sporax Shampoo Antiforfora\" width=\"300\" height=\"300\" srcset=\"https:\/\/www.texia.eu\/wp-content\/uploads\/2020\/05\/sporax-shampoo-antiforfora-300x300.jpg 300w, https:\/\/www.texia.eu\/wp-content\/uploads\/2020\/05\/sporax-shampoo-antiforfora-700x700.jpg 700w, https:\/\/www.texia.eu\/wp-content\/uploads\/2020\/05\/sporax-shampoo-antiforfora-100x100.jpg 100w, https:\/\/www.texia.eu\/wp-content\/uploads\/2020\/05\/sporax-shampoo-antiforfora-1024x1024.jpg 1024w, https:\/\/www.texia.eu\/wp-content\/uploads\/2020\/05\/sporax-shampoo-antiforfora-150x150.jpg 150w, https:\/\/www.texia.eu\/wp-content\/uploads\/2020\/05\/sporax-shampoo-antiforfora-768x768.jpg 768w, https:\/\/www.texia.eu\/wp-content\/uploads\/2020\/05\/sporax-shampoo-antiforfora-866x866.jpg 866w, https:\/\/www.texia.eu\/wp-content\/uploads\/2020\/05\/sporax-shampoo-antiforfora-418x418.jpg 418w, https:\/\/www.texia.eu\/wp-content\/uploads\/2020\/05\/sporax-shampoo-antiforfora-130x130.jpg 130w, https:\/\/www.texia.eu\/wp-content\/uploads\/2020\/05\/sporax-shampoo-antiforfora-428x428.jpg 428w, https:\/\/www.texia.eu\/wp-content\/uploads\/2020\/05\/sporax-shampoo-antiforfora-770x770.jpg 770w, https:\/\/www.texia.eu\/wp-content\/uploads\/2020\/05\/sporax-shampoo-antiforfora.jpg 1500w\" sizes=\"(max-width: 300px) 100vw, 300px\" \/><img loading=\"lazy\" class=\"alignnone size-medium wp-image-9757\" src=\"https:\/\/www.texia.eu\/wp-content\/uploads\/2020\/09\/flogex-crema-lenitiva-180x300.png\" alt=\"Flogex crema lenitiva\" width=\"180\" height=\"300\" srcset=\"https:\/\/www.texia.eu\/wp-content\/uploads\/2020\/09\/flogex-crema-lenitiva-180x300.png 180w, https:\/\/www.texia.eu\/wp-content\/uploads\/2020\/09\/flogex-crema-lenitiva-700x1167.png 700w, https:\/\/www.texia.eu\/wp-content\/uploads\/2020\/09\/flogex-crema-lenitiva-614x1024.png 614w, https:\/\/www.texia.eu\/wp-content\/uploads\/2020\/09\/flogex-crema-lenitiva-768x1280.png 768w, https:\/\/www.texia.eu\/wp-content\/uploads\/2020\/09\/flogex-crema-lenitiva-922x1536.png 922w, https:\/\/www.texia.eu\/wp-content\/uploads\/2020\/09\/flogex-crema-lenitiva-1229x2048.png 1229w, https:\/\/www.texia.eu\/wp-content\/uploads\/2020\/09\/flogex-crema-lenitiva.png 1800w\" sizes=\"(max-width: 180px) 100vw, 180px\" \/><\/p>\n<p>&nbsp;<\/p>","protected":false},"excerpt":{"rendered":"<p>E\u2019 un disturbo della pelle piuttosto comune caratterizzato da infiammazione cronica, di variabile gravit\u00e0, che si manifesta con lesioni arrossate, rotondeggianti, ricoperte da squame argentee, talora anche di notevole spessore.&hellip;<\/p>","protected":false},"author":1,"featured_media":9638,"comment_status":"open","ping_status":"open","sticky":false,"template":"","format":"standard","meta":[],"categories":[1],"tags":[116,117,115,118,119,114],"aioseo_notices":[],"acf":[],"_links":{"self":[{"href":"https:\/\/www.texia.eu\/en\/wp-json\/wp\/v2\/posts\/9627"}],"collection":[{"href":"https:\/\/www.texia.eu\/en\/wp-json\/wp\/v2\/posts"}],"about":[{"href":"https:\/\/www.texia.eu\/en\/wp-json\/wp\/v2\/types\/post"}],"author":[{"embeddable":true,"href":"https:\/\/www.texia.eu\/en\/wp-json\/wp\/v2\/users\/1"}],"replies":[{"embeddable":true,"href":"https:\/\/www.texia.eu\/en\/wp-json\/wp\/v2\/comments?post=9627"}],"version-history":[{"count":9,"href":"https:\/\/www.texia.eu\/en\/wp-json\/wp\/v2\/posts\/9627\/revisions"}],"predecessor-version":[{"id":11053,"href":"https:\/\/www.texia.eu\/en\/wp-json\/wp\/v2\/posts\/9627\/revisions\/11053"}],"wp:featuredmedia":[{"embeddable":true,"href":"https:\/\/www.texia.eu\/en\/wp-json\/wp\/v2\/media\/9638"}],"wp:attachment":[{"href":"https:\/\/www.texia.eu\/en\/wp-json\/wp\/v2\/media?parent=9627"}],"wp:term":[{"taxonomy":"category","embeddable":true,"href":"https:\/\/www.texia.eu\/en\/wp-json\/wp\/v2\/categories?post=9627"},{"taxonomy":"post_tag","embeddable":true,"href":"https:\/\/www.texia.eu\/en\/wp-json\/wp\/v2\/tags?post=9627"}],"curies":[{"name":"wp","href":"https:\/\/api.w.org\/{rel}","templated":true}]}}